{"id":5214,"date":"2026-03-07T23:10:10","date_gmt":"2026-03-07T23:10:10","guid":{"rendered":"https:\/\/andersindset.com\/unkategorisiert\/wenn-die-welt-selbst-zum-prompt-wird-2\/"},"modified":"2026-03-07T23:14:20","modified_gmt":"2026-03-07T23:14:20","slug":"mehr-als-denken","status":"publish","type":"post","link":"https:\/\/andersindset.com\/de\/das-denken\/mehr-als-denken\/","title":{"rendered":"Mehr als Denken"},"content":{"rendered":"<div class=\"fusion-fullwidth fullwidth-box fusion-builder-row-1 fusion-flex-container has-pattern-background has-mask-background nonhundred-percent-fullwidth non-hundred-percent-height-scrolling\" style=\"--awb-border-radius-top-left:0px;--awb-border-radius-top-right:0px;--awb-border-radius-bottom-right:0px;--awb-border-radius-bottom-left:0px;--awb-flex-wrap:wrap;\" ><div class=\"fusion-builder-row fusion-row fusion-flex-align-items-flex-start fusion-flex-content-wrap\" style=\"max-width:1996.8px;margin-left: calc(-4% \/ 2 );margin-right: calc(-4% \/ 2 );\"><div class=\"fusion-layout-column fusion_builder_column fusion-builder-column-0 fusion_builder_column_1_1 1_1 fusion-flex-column\" style=\"--awb-bg-size:cover;--awb-width-large:100%;--awb-margin-top-large:0px;--awb-spacing-right-large:1.92%;--awb-margin-bottom-large:0px;--awb-spacing-left-large:1.92%;--awb-width-medium:100%;--awb-spacing-right-medium:1.92%;--awb-spacing-left-medium:1.92%;--awb-width-small:100%;--awb-spacing-right-small:1.92%;--awb-spacing-left-small:1.92%;\"><div class=\"fusion-column-wrapper fusion-flex-justify-content-flex-start fusion-content-layout-column\"><div class=\"fusion-text fusion-text-1\"><h3 class=\"article-editor-heading\">Warum die eigentliche Frage der k\u00fcnstlichen Intelligenz nicht Intelligenz ist<\/h3>\n<p class=\"article-editor-paragraph\">Wenn ich den heutigen \u201eAnders Gedacht\u201c von einer k\u00fcnstlichen Intelligenz erfassen lasse, erscheint innerhalb weniger Sekunden eine pr\u00e4zise formulierte Antwort. Argumente, Struktur, Stil \u2013 fast alles stimmt. Und doch bleibt eine Frage: Geschieht hier gerade Denken, oder nur Berechnung?<\/p>\n<p class=\"article-editor-paragraph\">In der Debatte \u00fcber KI richtet sich der Blick fast immer auf dieselbe Frage: <em>Werden Maschinen intelligenter sein als wir?<\/em> Sie schreiben Texte, erstellen medizinische Diagnosen, entwickeln Software und entwerfen Gesch\u00e4ftsstrategien. T\u00e4tigkeiten, die lange als Ausdruck menschlicher Vernunft galten, sind pl\u00f6tzlich algorithmisch modellierbar. Die n\u00e4chste Billionen-Firma wird keine Softwarefirma sein, sondern ein Unternehmen, das sich nur als Softwarefirma tarnt und in Wirklichkeit schlicht Arbeit \u00fcbernimmt.<\/p>\n<p class=\"article-editor-paragraph\">Hinter dieser Entwicklung steht eine stille Sorge: <em>Wenn Maschinen besser denken k\u00f6nnen als wir, was bleibt dann noch vom Menschen?<\/em> Die Debatte kreist fast ausschlie\u00dflich um Intelligenz. Rechenleistung, Mustererkennung, Probleml\u00f6sung. Als w\u00e4re Denken der Kern dessen, was wir sind. Doch vielleicht liegt genau hier ein Missverst\u00e4ndnis. Denn diese Perspektive setzt voraus, dass Denken der Ursprung unseres Seins ist.<\/p>\n<h3 class=\"article-editor-heading\">Das Erbe des Cogito<\/h3>\n<p class=\"article-editor-paragraph\">Der philosophische Ursprung dieser Vorstellung liegt in einem der ber\u00fchmtesten S\u00e4tze der Moderne. Ren\u00e9 Descartes formulierte im 17. Jahrhundert: \u201cCogito, ergo sum.\u201c \u2013 Ich denke, also bin ich. In einer Welt radikalen Zweifels suchte Descartes nach einem letzten Punkt der Gewissheit. Die Sinne k\u00f6nnen t\u00e4uschen, die Welt k\u00f6nnte eine Illusion sein, selbst der eigene K\u00f6rper lie\u00dfe sich infrage stellen. Doch eines blieb unersch\u00fctterlich: Wenn gedacht wird, dann muss es etwas geben, das denkt. <em>Im Denken wird das denkende Subjekt seiner selbst gewiss. <\/em>Mit diesem Schritt verschob Descartes das Fundament der Gewissheit. Nicht Gott, nicht Tradition und nicht die Welt bilden den Ausgangspunkt, sondern das reflektierende Subjekt. Diese Verschiebung pr\u00e4gt unser Selbstverst\u00e4ndnis bis heute. <em>Wir verstehen uns als denkende Wesen.<\/em><\/p>\n<p class=\"article-editor-paragraph\">Genau deshalb wirkt die Entwicklung k\u00fcnstlicher Intelligenz heute so irritierend. Nicht weil Maschinen rechnen k\u00f6nnen (das konnten sie schon lange), sondern weil sie beginnen, T\u00e4tigkeiten zu \u00fcbernehmen, die wir lange mit Denken selbst gleichgesetzt haben. Vielleicht m\u00fcssen wir den ber\u00fchmten Satz deshalb heute umkehren. Nicht: Ich denke, also bin ich. Sondern:<em> Ich bin, also denke ich.<\/em><\/p>\n<h3 class=\"article-editor-heading\">Die Emergenz des Ich<\/h3>\n<p class=\"article-editor-paragraph\">Denn die Gewissheit des Cogito ist kein abstrakter Satz. Sie ist ein Ereignis. Sie ereignet sich im Erleben. Wenn ich denke, erscheint dieser Gedanke in meinem Bewusstsein. Ich nehme ihn wahr, kann ihn pr\u00fcfen, kann mich zu ihm verhalten. Denken ist nicht nur ein Prozess, <em>es ist ein erlebter Prozess. <\/em>Damit verschiebt sich der Blick. Im Moment dieser Selbstgegenwart zeigt sich mehr als ein Gedanke. Was erscheint, ist ein Strom von Erfahrungen: <em>Wahrnehmungen, Empfindungen, Erinnerungen, Erwartungen.<\/em> Gedanken sind nur eine bestimmte Bewegung innerhalb dieses Stroms. Das \u201cIch denke\u201c setzt bereits voraus, dass etwas erlebt wird. Wir nennen diesen Erfahrungsraum <em>Subjektivit\u00e4t<\/em>.<\/p>\n<p class=\"article-editor-paragraph\">Subjektivit\u00e4t ist nicht nur das Ich, das denkt. Sie ist der Raum des Erlebens, in dem Wahrnehmungen, Gedanken und Gef\u00fchle erscheinen und sich als &#8216;mein&#8217; Erleben auszeichnen. Von hier aus erscheint Descartes\u2019 Satz in einem neuen Licht. Vielleicht ist Denken nicht der Ursprung unseres Seins, sondern nur eine seiner Ausdrucksformen. Doch damit \u00f6ffnet sich eine weitere Frage: Wenn Denken nur eine Bewegung innerhalb eines Erfahrungsraums ist, <em>woher kommt dieser Raum des Erlebens?<\/em><\/p>\n<p class=\"article-editor-paragraph\">Eine m\u00f6gliche Antwort liefert die Komplexit\u00e4tsforschung. Das Gehirn ist eines der komplexesten Systeme, die wir kennen. Milliarden Neuronen bilden dynamische Netzwerke, integrieren Informationen \u00fcber Zeit und Raum und koordinieren Wahrnehmung, Erinnerung und Handlung. Aus dieser Organisation k\u00f6nnte ein funktionales Zentrum entstehen, ein Integrationspunkt, den wir &#8220;Ich\u201c nennen. Subjektivit\u00e4t w\u00e4re dann kein metaphysischer Kern, sondern ein emergentes Ph\u00e4nomen. So wie Temperatur aus der Bewegung von Molek\u00fclen entsteht, k\u00f6nnte das Ich aus der Integration neuronaler Prozesse hervorgehen. Doch selbst das menschliche Gehirn deutet darauf hin, dass Komplexit\u00e4t allein das R\u00e4tsel des Bewusstseins nicht l\u00f6st. Der Teil unseres Gehirns mit den meisten Neuronen (das Kleinhirn) enth\u00e4lt rund achtzig Prozent aller Nervenzellen. Dennoch gilt es nicht als der Ort unseres bewussten Erlebens. Dieses scheint vielmehr mit der Gro\u00dfhirnrinde verbunden zu sein, die deutlich weniger Neuronen besitzt, aber anders organisiert ist. <em>Mehr neuronale Aktivit\u00e4t bedeutet also nicht automatisch mehr Bewusstsein. <\/em>Komplexit\u00e4t allein erkl\u00e4rt noch keine Subjektivit\u00e4t.<\/p>\n<p class=\"article-editor-paragraph\">Vielleicht liegt das eigentliche R\u00e4tsel daher nicht darin, wie viel ein System berechnen kann. Das eigentliche R\u00e4tsel ist nicht, dass Maschinen denken lernen. Sondern dass Existenz sich \u00fcberhaupt erleben l\u00e4sst.<\/p>\n<h3 class=\"article-editor-heading\">Die eigentliche Frage der KI<\/h3>\n<p class=\"article-editor-paragraph\">Genau hier verschiebt sich die Debatte \u00fcber k\u00fcnstliche Intelligenz. Eine Maschine kann Informationen verarbeiten, Probleme l\u00f6sen und Entscheidungen berechnen. Doch all das beschreibt nur Prozesse. Es sagt nichts dar\u00fcber aus, ob diese Prozesse auch erlebt werden. Ein System kann unz\u00e4hlige Berechnungen durchf\u00fchren, und dennoch innerlich vollkommen dunkel bleiben. Vielleicht zeigt uns k\u00fcnstliche Intelligenz deshalb weniger, wie intelligent Maschinen werden k\u00f6nnen. Sondern wie viel von dem, was wir lange \u201cDenken\u201c genannt haben, in Wirklichkeit Berechnung war.<\/p>\n<p class=\"article-editor-paragraph\">Wenn Subjektivit\u00e4t tats\u00e4chlich aus komplexer Informationsverarbeitung entsteht, dann w\u00e4re sie prinzipiell reproduzierbar. Eine ausreichend komplexe Maschine k\u00f6nnte nicht nur Probleme l\u00f6sen oder Entscheidungen treffen. Sie k\u00f6nnte eine Innenperspektive entwickeln. Nicht nur k\u00fcnstliche Intelligenz w\u00e4re m\u00f6glich. Sondern <em>k\u00fcnstliche Subjektivit\u00e4t.<\/em><\/p>\n<p class=\"article-editor-paragraph\">Doch vielleicht ist Subjektivit\u00e4t nicht das Produkt von Komplexit\u00e4t, sondern ihre Voraussetzung. Vielleicht ist Bewusstsein nicht das, was entsteht, wenn Systeme komplex genug werden. Vielleicht ist es der Raum, in dem Komplexit\u00e4t \u00fcberhaupt als Erfahrung erscheinen kann. Subjektivit\u00e4t w\u00e4re dann etwas anderes. <em>Die Innenseite der Welt.<\/em><\/p>\n<h3 class=\"article-editor-heading\">Welt haben \u2013 mehr als denken<\/h3>\n<p class=\"article-editor-paragraph\">Heidegger beschrieb den Menschen nicht zuerst als denkendes Wesen, sondern als ein Wesen, das immer schon in einer Welt ist. Welt ist in dieser Perspektive nicht einfach eine \u00e4u\u00dfere Realit\u00e4t. Sie ist der Zusammenhang von Bedeutung, in dem Dinge \u00fcberhaupt erscheinen k\u00f6nnen, als bedeutsam, als wahrnehmbar, als erfahrbar.<\/p>\n<p class=\"article-editor-paragraph\">Der Mensch ist nicht nur ein System, das Informationen \u00fcber die Welt verarbeitet. Er ist ein Wesen, dem Welt erscheint. Vielleicht liegt genau hier der Unterschied zwischen Intelligenz und Subjektivit\u00e4t. Intelligenz beschreibt, was ein System \u00fcber die Welt berechnen kann. Subjektivit\u00e4t beschreibt, dass es eine Perspektive gibt, aus der Welt \u00fcberhaupt erfahren wird.<\/p>\n<p class=\"article-editor-paragraph\">Die entscheidende Frage unserer Zeit k\u00f6nnte daher nicht sein, ob Maschinen denken lernen. Sondern ob sie jemals eine Welt haben werden. Denn vielleicht ist der Mensch nicht zuerst das Wesen, das denkt. <em>Sondern das Wesen, dem Welt erscheint.<\/em><\/p>\n<p class=\"article-editor-paragraph article-editor-content__has-focus\">Vielleicht beginnt unser Sein nicht mit einem Gedanken. Sondern mit der Erfahrung, dass \u00fcberhaupt etwas ist. Und vielleicht verstehen wir erst jetzt wirklich, was der umgekehrte Satz bedeutet: <em>Ich bin, also denke ich.<\/em><\/p>\n<\/div><\/div><\/div><\/div><\/div>\n","protected":false},"excerpt":{"rendered":"<p>Der Mensch ist nicht nur ein System, das Informationen \u00fcber die Welt verarbeitet. Er ist ein Wesen, dem Welt erscheint. Vielleicht liegt genau hier der Unterschied zwischen Intelligenz und Subjektivit\u00e4t. Intelligenz beschreibt, was ein System \u00fcber die Welt berechnen kann. Subjektivit\u00e4t beschreibt, dass es eine Perspektive gibt, aus der Welt \u00fcberhaupt erfahren wird.<\/p>\n<p>Die entscheidende Frage unserer Zeit k\u00f6nnte daher nicht sein, ob Maschinen denken lernen. Sondern ob sie jemals eine Welt haben werden. Denn vielleicht ist der Mensch nicht zuerst das Wesen, das denkt. Sondern das Wesen, dem Welt erscheint.<\/p>\n","protected":false},"author":4,"featured_media":5216,"comment_status":"open","ping_status":"open","sticky":false,"template":"","format":"standard","meta":{"_acf_changed":false,"footnotes":""},"categories":[5],"tags":[190,189,259,223,258,255],"acf":[],"yoast_head":"<!-- This site is optimized with the Yoast SEO plugin v21.8.1 - https:\/\/yoast.com\/wordpress\/plugins\/seo\/ -->\n<title>Mehr als Denken - Anders Indset<\/title>\n<meta name=\"description\" content=\"Der Mensch ist nicht nur ein System, das Informationen \u00fcber die Welt verarbeitet. Er ist ein Wesen, dem Welt erscheint. Vielleicht liegt genau hier der Unterschied zwischen Intelligenz und Subjektivit\u00e4t. Intelligenz beschreibt, was ein System \u00fcber die Welt berechnen kann. Subjektivit\u00e4t beschreibt, dass es eine Perspektive gibt, aus der Welt \u00fcberhaupt erfahren wird.Die entscheidende Frage unserer Zeit k\u00f6nnte daher nicht sein, ob Maschinen denken lernen. Sondern ob sie jemals eine Welt haben werden. Denn vielleicht ist der Mensch nicht zuerst das Wesen, das denkt. Sondern das Wesen, dem Welt erscheint.\" \/>\n<meta name=\"robots\" content=\"index, follow, max-snippet:-1, max-image-preview:large, max-video-preview:-1\" \/>\n<link rel=\"canonical\" href=\"https:\/\/andersindset.com\/de\/das-denken\/mehr-als-denken\/\" \/>\n<meta property=\"og:locale\" content=\"de_DE\" \/>\n<meta property=\"og:type\" content=\"article\" \/>\n<meta property=\"og:title\" content=\"Mehr als Denken - Anders Indset\" \/>\n<meta property=\"og:description\" content=\"Der Mensch ist nicht nur ein System, das Informationen \u00fcber die Welt verarbeitet. Er ist ein Wesen, dem Welt erscheint. Vielleicht liegt genau hier der Unterschied zwischen Intelligenz und Subjektivit\u00e4t. Intelligenz beschreibt, was ein System \u00fcber die Welt berechnen kann. Subjektivit\u00e4t beschreibt, dass es eine Perspektive gibt, aus der Welt \u00fcberhaupt erfahren wird.Die entscheidende Frage unserer Zeit k\u00f6nnte daher nicht sein, ob Maschinen denken lernen. Sondern ob sie jemals eine Welt haben werden. Denn vielleicht ist der Mensch nicht zuerst das Wesen, das denkt. Sondern das Wesen, dem Welt erscheint.\" \/>\n<meta property=\"og:url\" content=\"https:\/\/andersindset.com\/de\/das-denken\/mehr-als-denken\/\" \/>\n<meta property=\"og:site_name\" content=\"Anders Indset\" \/>\n<meta property=\"article:published_time\" content=\"2026-03-07T23:10:10+00:00\" \/>\n<meta property=\"article:modified_time\" content=\"2026-03-07T23:14:20+00:00\" \/>\n<meta property=\"og:image\" content=\"https:\/\/andersindset.com\/wp-content\/uploads\/2026\/03\/Bildschirmfoto-2026-03-08-um-00.12.36-1024x560.png\" \/>\n\t<meta property=\"og:image:width\" content=\"1024\" \/>\n\t<meta property=\"og:image:height\" content=\"560\" \/>\n\t<meta property=\"og:image:type\" content=\"image\/png\" \/>\n<meta name=\"author\" content=\"Anders Indset\" \/>\n<meta name=\"twitter:label1\" content=\"Verfasst von\" \/>\n\t<meta name=\"twitter:data1\" content=\"Anders Indset\" \/>\n\t<meta name=\"twitter:label2\" content=\"Gesch\u00e4tzte Lesezeit\" \/>\n\t<meta name=\"twitter:data2\" content=\"7\u00a0Minuten\" \/>\n<script type=\"application\/ld+json\" class=\"yoast-schema-graph\">{\"@context\":\"https:\/\/schema.org\",\"@graph\":[{\"@type\":\"Article\",\"@id\":\"https:\/\/andersindset.com\/de\/das-denken\/mehr-als-denken\/#article\",\"isPartOf\":{\"@id\":\"https:\/\/andersindset.com\/de\/das-denken\/mehr-als-denken\/\"},\"author\":{\"name\":\"Anders Indset\",\"@id\":\"https:\/\/andersindset.com\/de\/#\/schema\/person\/3d03518e4cb7cd9be6c8d273b8a80de0\"},\"headline\":\"Mehr als Denken\",\"datePublished\":\"2026-03-07T23:10:10+00:00\",\"dateModified\":\"2026-03-07T23:14:20+00:00\",\"mainEntityOfPage\":{\"@id\":\"https:\/\/andersindset.com\/de\/das-denken\/mehr-als-denken\/\"},\"wordCount\":1747,\"commentCount\":0,\"publisher\":{\"@id\":\"https:\/\/andersindset.com\/de\/#organization\"},\"keywords\":[\"AHI\",\"Artificial Human Intelligence\",\"Decartes\",\"Ex Machina\",\"Ich bin also denke ich\",\"Narzisstische Kr\u00e4nkung\"],\"articleSection\":[\"Das Denken\"],\"inLanguage\":\"de\",\"potentialAction\":[{\"@type\":\"CommentAction\",\"name\":\"Comment\",\"target\":[\"https:\/\/andersindset.com\/de\/das-denken\/mehr-als-denken\/#respond\"]}]},{\"@type\":\"WebPage\",\"@id\":\"https:\/\/andersindset.com\/de\/das-denken\/mehr-als-denken\/\",\"url\":\"https:\/\/andersindset.com\/de\/das-denken\/mehr-als-denken\/\",\"name\":\"Mehr als Denken - Anders Indset\",\"isPartOf\":{\"@id\":\"https:\/\/andersindset.com\/de\/#website\"},\"datePublished\":\"2026-03-07T23:10:10+00:00\",\"dateModified\":\"2026-03-07T23:14:20+00:00\",\"description\":\"Der Mensch ist nicht nur ein System, das Informationen \u00fcber die Welt verarbeitet. Er ist ein Wesen, dem Welt erscheint. Vielleicht liegt genau hier der Unterschied zwischen Intelligenz und Subjektivit\u00e4t. Intelligenz beschreibt, was ein System \u00fcber die Welt berechnen kann. Subjektivit\u00e4t beschreibt, dass es eine Perspektive gibt, aus der Welt \u00fcberhaupt erfahren wird.Die entscheidende Frage unserer Zeit k\u00f6nnte daher nicht sein, ob Maschinen denken lernen. Sondern ob sie jemals eine Welt haben werden. Denn vielleicht ist der Mensch nicht zuerst das Wesen, das denkt. Sondern das Wesen, dem Welt erscheint.\",\"breadcrumb\":{\"@id\":\"https:\/\/andersindset.com\/de\/das-denken\/mehr-als-denken\/#breadcrumb\"},\"inLanguage\":\"de\",\"potentialAction\":[{\"@type\":\"ReadAction\",\"target\":[\"https:\/\/andersindset.com\/de\/das-denken\/mehr-als-denken\/\"]}]},{\"@type\":\"BreadcrumbList\",\"@id\":\"https:\/\/andersindset.com\/de\/das-denken\/mehr-als-denken\/#breadcrumb\",\"itemListElement\":[{\"@type\":\"ListItem\",\"position\":1,\"name\":\"Startseite\",\"item\":\"https:\/\/andersindset.com\/de\/\"},{\"@type\":\"ListItem\",\"position\":2,\"name\":\"Mehr als Denken\"}]},{\"@type\":\"WebSite\",\"@id\":\"https:\/\/andersindset.com\/de\/#website\",\"url\":\"https:\/\/andersindset.com\/de\/\",\"name\":\"Anders Indset\",\"description\":\"Philosoph &amp; Autor\",\"publisher\":{\"@id\":\"https:\/\/andersindset.com\/de\/#organization\"},\"potentialAction\":[{\"@type\":\"SearchAction\",\"target\":{\"@type\":\"EntryPoint\",\"urlTemplate\":\"https:\/\/andersindset.com\/de\/?s={search_term_string}\"},\"query-input\":\"required name=search_term_string\"}],\"inLanguage\":\"de\"},{\"@type\":\"Organization\",\"@id\":\"https:\/\/andersindset.com\/de\/#organization\",\"name\":\"Anders Indset\",\"url\":\"https:\/\/andersindset.com\/de\/\",\"logo\":{\"@type\":\"ImageObject\",\"inLanguage\":\"de\",\"@id\":\"https:\/\/andersindset.com\/de\/#\/schema\/logo\/image\/\",\"url\":\"https:\/\/andersindset.com\/wp-content\/uploads\/2024\/01\/DER-MENSCH.jpg\",\"contentUrl\":\"https:\/\/andersindset.com\/wp-content\/uploads\/2024\/01\/DER-MENSCH.jpg\",\"width\":1990,\"height\":1088,\"caption\":\"Anders Indset\"},\"image\":{\"@id\":\"https:\/\/andersindset.com\/de\/#\/schema\/logo\/image\/\"}},{\"@type\":\"Person\",\"@id\":\"https:\/\/andersindset.com\/de\/#\/schema\/person\/3d03518e4cb7cd9be6c8d273b8a80de0\",\"name\":\"Anders Indset\",\"image\":{\"@type\":\"ImageObject\",\"inLanguage\":\"de\",\"@id\":\"https:\/\/andersindset.com\/de\/#\/schema\/person\/image\/\",\"url\":\"https:\/\/secure.gravatar.com\/avatar\/c543365d20f1b6563d7262cd5b858d01?s=96&d=mm&r=g\",\"contentUrl\":\"https:\/\/secure.gravatar.com\/avatar\/c543365d20f1b6563d7262cd5b858d01?s=96&d=mm&r=g\",\"caption\":\"Anders Indset\"}}]}<\/script>\n<!-- \/ Yoast SEO plugin. -->","yoast_head_json":{"title":"Mehr als Denken - Anders Indset","description":"Der Mensch ist nicht nur ein System, das Informationen \u00fcber die Welt verarbeitet. Er ist ein Wesen, dem Welt erscheint. Vielleicht liegt genau hier der Unterschied zwischen Intelligenz und Subjektivit\u00e4t. Intelligenz beschreibt, was ein System \u00fcber die Welt berechnen kann. Subjektivit\u00e4t beschreibt, dass es eine Perspektive gibt, aus der Welt \u00fcberhaupt erfahren wird.Die entscheidende Frage unserer Zeit k\u00f6nnte daher nicht sein, ob Maschinen denken lernen. Sondern ob sie jemals eine Welt haben werden. Denn vielleicht ist der Mensch nicht zuerst das Wesen, das denkt. Sondern das Wesen, dem Welt erscheint.","robots":{"index":"index","follow":"follow","max-snippet":"max-snippet:-1","max-image-preview":"max-image-preview:large","max-video-preview":"max-video-preview:-1"},"canonical":"https:\/\/andersindset.com\/de\/das-denken\/mehr-als-denken\/","og_locale":"de_DE","og_type":"article","og_title":"Mehr als Denken - Anders Indset","og_description":"Der Mensch ist nicht nur ein System, das Informationen \u00fcber die Welt verarbeitet. Er ist ein Wesen, dem Welt erscheint. Vielleicht liegt genau hier der Unterschied zwischen Intelligenz und Subjektivit\u00e4t. Intelligenz beschreibt, was ein System \u00fcber die Welt berechnen kann. Subjektivit\u00e4t beschreibt, dass es eine Perspektive gibt, aus der Welt \u00fcberhaupt erfahren wird.Die entscheidende Frage unserer Zeit k\u00f6nnte daher nicht sein, ob Maschinen denken lernen. Sondern ob sie jemals eine Welt haben werden. Denn vielleicht ist der Mensch nicht zuerst das Wesen, das denkt. Sondern das Wesen, dem Welt erscheint.","og_url":"https:\/\/andersindset.com\/de\/das-denken\/mehr-als-denken\/","og_site_name":"Anders Indset","article_published_time":"2026-03-07T23:10:10+00:00","article_modified_time":"2026-03-07T23:14:20+00:00","og_image":[{"width":1024,"height":560,"url":"https:\/\/andersindset.com\/wp-content\/uploads\/2026\/03\/Bildschirmfoto-2026-03-08-um-00.12.36-1024x560.png","type":"image\/png"}],"author":"Anders Indset","twitter_misc":{"Verfasst von":"Anders Indset","Gesch\u00e4tzte Lesezeit":"7\u00a0Minuten"},"schema":{"@context":"https:\/\/schema.org","@graph":[{"@type":"Article","@id":"https:\/\/andersindset.com\/de\/das-denken\/mehr-als-denken\/#article","isPartOf":{"@id":"https:\/\/andersindset.com\/de\/das-denken\/mehr-als-denken\/"},"author":{"name":"Anders Indset","@id":"https:\/\/andersindset.com\/de\/#\/schema\/person\/3d03518e4cb7cd9be6c8d273b8a80de0"},"headline":"Mehr als Denken","datePublished":"2026-03-07T23:10:10+00:00","dateModified":"2026-03-07T23:14:20+00:00","mainEntityOfPage":{"@id":"https:\/\/andersindset.com\/de\/das-denken\/mehr-als-denken\/"},"wordCount":1747,"commentCount":0,"publisher":{"@id":"https:\/\/andersindset.com\/de\/#organization"},"keywords":["AHI","Artificial Human Intelligence","Decartes","Ex Machina","Ich bin also denke ich","Narzisstische Kr\u00e4nkung"],"articleSection":["Das Denken"],"inLanguage":"de","potentialAction":[{"@type":"CommentAction","name":"Comment","target":["https:\/\/andersindset.com\/de\/das-denken\/mehr-als-denken\/#respond"]}]},{"@type":"WebPage","@id":"https:\/\/andersindset.com\/de\/das-denken\/mehr-als-denken\/","url":"https:\/\/andersindset.com\/de\/das-denken\/mehr-als-denken\/","name":"Mehr als Denken - Anders Indset","isPartOf":{"@id":"https:\/\/andersindset.com\/de\/#website"},"datePublished":"2026-03-07T23:10:10+00:00","dateModified":"2026-03-07T23:14:20+00:00","description":"Der Mensch ist nicht nur ein System, das Informationen \u00fcber die Welt verarbeitet. Er ist ein Wesen, dem Welt erscheint. Vielleicht liegt genau hier der Unterschied zwischen Intelligenz und Subjektivit\u00e4t. Intelligenz beschreibt, was ein System \u00fcber die Welt berechnen kann. Subjektivit\u00e4t beschreibt, dass es eine Perspektive gibt, aus der Welt \u00fcberhaupt erfahren wird.Die entscheidende Frage unserer Zeit k\u00f6nnte daher nicht sein, ob Maschinen denken lernen. Sondern ob sie jemals eine Welt haben werden. Denn vielleicht ist der Mensch nicht zuerst das Wesen, das denkt. Sondern das Wesen, dem Welt erscheint.","breadcrumb":{"@id":"https:\/\/andersindset.com\/de\/das-denken\/mehr-als-denken\/#breadcrumb"},"inLanguage":"de","potentialAction":[{"@type":"ReadAction","target":["https:\/\/andersindset.com\/de\/das-denken\/mehr-als-denken\/"]}]},{"@type":"BreadcrumbList","@id":"https:\/\/andersindset.com\/de\/das-denken\/mehr-als-denken\/#breadcrumb","itemListElement":[{"@type":"ListItem","position":1,"name":"Startseite","item":"https:\/\/andersindset.com\/de\/"},{"@type":"ListItem","position":2,"name":"Mehr als Denken"}]},{"@type":"WebSite","@id":"https:\/\/andersindset.com\/de\/#website","url":"https:\/\/andersindset.com\/de\/","name":"Anders Indset","description":"Philosoph &amp; Autor","publisher":{"@id":"https:\/\/andersindset.com\/de\/#organization"},"potentialAction":[{"@type":"SearchAction","target":{"@type":"EntryPoint","urlTemplate":"https:\/\/andersindset.com\/de\/?s={search_term_string}"},"query-input":"required name=search_term_string"}],"inLanguage":"de"},{"@type":"Organization","@id":"https:\/\/andersindset.com\/de\/#organization","name":"Anders Indset","url":"https:\/\/andersindset.com\/de\/","logo":{"@type":"ImageObject","inLanguage":"de","@id":"https:\/\/andersindset.com\/de\/#\/schema\/logo\/image\/","url":"https:\/\/andersindset.com\/wp-content\/uploads\/2024\/01\/DER-MENSCH.jpg","contentUrl":"https:\/\/andersindset.com\/wp-content\/uploads\/2024\/01\/DER-MENSCH.jpg","width":1990,"height":1088,"caption":"Anders Indset"},"image":{"@id":"https:\/\/andersindset.com\/de\/#\/schema\/logo\/image\/"}},{"@type":"Person","@id":"https:\/\/andersindset.com\/de\/#\/schema\/person\/3d03518e4cb7cd9be6c8d273b8a80de0","name":"Anders Indset","image":{"@type":"ImageObject","inLanguage":"de","@id":"https:\/\/andersindset.com\/de\/#\/schema\/person\/image\/","url":"https:\/\/secure.gravatar.com\/avatar\/c543365d20f1b6563d7262cd5b858d01?s=96&d=mm&r=g","contentUrl":"https:\/\/secure.gravatar.com\/avatar\/c543365d20f1b6563d7262cd5b858d01?s=96&d=mm&r=g","caption":"Anders Indset"}}]}},"_links":{"self":[{"href":"https:\/\/andersindset.com\/de\/wp-json\/wp\/v2\/posts\/5214"}],"collection":[{"href":"https:\/\/andersindset.com\/de\/wp-json\/wp\/v2\/posts"}],"about":[{"href":"https:\/\/andersindset.com\/de\/wp-json\/wp\/v2\/types\/post"}],"author":[{"embeddable":true,"href":"https:\/\/andersindset.com\/de\/wp-json\/wp\/v2\/users\/4"}],"replies":[{"embeddable":true,"href":"https:\/\/andersindset.com\/de\/wp-json\/wp\/v2\/comments?post=5214"}],"version-history":[{"count":2,"href":"https:\/\/andersindset.com\/de\/wp-json\/wp\/v2\/posts\/5214\/revisions"}],"predecessor-version":[{"id":5215,"href":"https:\/\/andersindset.com\/de\/wp-json\/wp\/v2\/posts\/5214\/revisions\/5215"}],"wp:featuredmedia":[{"embeddable":true,"href":"https:\/\/andersindset.com\/de\/wp-json\/wp\/v2\/media\/5216"}],"wp:attachment":[{"href":"https:\/\/andersindset.com\/de\/wp-json\/wp\/v2\/media?parent=5214"}],"wp:term":[{"taxonomy":"category","embeddable":true,"href":"https:\/\/andersindset.com\/de\/wp-json\/wp\/v2\/categories?post=5214"},{"taxonomy":"post_tag","embeddable":true,"href":"https:\/\/andersindset.com\/de\/wp-json\/wp\/v2\/tags?post=5214"}],"curies":[{"name":"wp","href":"https:\/\/api.w.org\/{rel}","templated":true}]}}